{"id":7367,"date":"2019-04-03T09:21:47","date_gmt":"2019-04-03T08:21:47","guid":{"rendered":"http:\/\/www.pfarrei-we.de\/wp\/?p=7367"},"modified":"2019-04-03T09:21:47","modified_gmt":"2019-04-03T08:21:47","slug":"jugendkreuzweg","status":"publish","type":"post","link":"http:\/\/www.pfarrei-we.de\/wp\/jugendkreuzweg\/","title":{"rendered":"Jugendkreuzweg"},"content":{"rendered":"<h1>&#8222;Jesus geht mit uns alle Wege &#8211; die hellen und die<img decoding=\"async\" loading=\"lazy\" class=\"size-medium wp-image-7369 alignright\" src=\"http:\/\/www.pfarrei-we.de\/wp\/wp-content\/uploads\/2019\/04\/IMG_2291-300x225.jpg\" alt=\"\" width=\"300\" height=\"225\" srcset=\"http:\/\/www.pfarrei-we.de\/wp\/wp-content\/uploads\/2019\/04\/IMG_2291-300x225.jpg 300w, http:\/\/www.pfarrei-we.de\/wp\/wp-content\/uploads\/2019\/04\/IMG_2291-150x113.jpg 150w, http:\/\/www.pfarrei-we.de\/wp\/wp-content\/uploads\/2019\/04\/IMG_2291-768x576.jpg 768w, http:\/\/www.pfarrei-we.de\/wp\/wp-content\/uploads\/2019\/04\/IMG_2291-1024x768.jpg 1024w, http:\/\/www.pfarrei-we.de\/wp\/wp-content\/uploads\/2019\/04\/IMG_2291.jpg 2048w\" sizes=\"(max-width: 300px) 100vw, 300px\" \/> dunklen&#8220;<\/h1>\n<h2>Pfadfinder gestalteten \u00f6kumenischen Jugendkreuzweg in der Heilig Geist Kirche<\/h2>\n<p>31.03.19<\/p>\n<p>Zum Thema \u201eAns Licht\u201c gestalteten die Neuhauser Pfadfinder den \u00f6kumenischen Jugendkreuzweg. Bei 13 Stationen stand das Kreuz im Mittelpunkt der Betrachtungen. Das Kreuz steht f\u00fcr das Leiden Jesu, das Kerzenlicht f\u00fcr seine Auferstehung. Es wurden Situation in unserem Leben betrachtet, wenn man aus der Gemeinschaft ausgeschlossen wird, wenn keiner da ist, der hilft, wenn es dunkel um uns ist.<img decoding=\"async\" loading=\"lazy\" class=\"size-medium wp-image-7368 alignleft\" src=\"http:\/\/www.pfarrei-we.de\/wp\/wp-content\/uploads\/2019\/04\/IMG_2289-300x225.jpg\" alt=\"\" width=\"300\" height=\"225\" srcset=\"http:\/\/www.pfarrei-we.de\/wp\/wp-content\/uploads\/2019\/04\/IMG_2289-300x225.jpg 300w, http:\/\/www.pfarrei-we.de\/wp\/wp-content\/uploads\/2019\/04\/IMG_2289-150x113.jpg 150w, http:\/\/www.pfarrei-we.de\/wp\/wp-content\/uploads\/2019\/04\/IMG_2289-768x576.jpg 768w, http:\/\/www.pfarrei-we.de\/wp\/wp-content\/uploads\/2019\/04\/IMG_2289-1024x768.jpg 1024w, http:\/\/www.pfarrei-we.de\/wp\/wp-content\/uploads\/2019\/04\/IMG_2289.jpg 2048w\" sizes=\"(max-width: 300px) 100vw, 300px\" \/> Alle Teilnehmer konnten eine Kerze entz\u00fcnden und auf das KREUZ stellen. Diese Lichtpunkte zeigen uns, das Gott mit uns auf unserem Lebensweg unterwegs ist. Jesus das Licht der Welt geht jeden Weg mit uns. (Text: B. Kreinh\u00f6fner)<\/p>\n","protected":false},"excerpt":{"rendered":"<p>&#8222;Jesus geht mit uns alle Wege &#8211; die hellen und die dunklen&#8220; Pfadfinder gestalteten \u00f6kumenischen Jugendkreuzweg in der Heilig Geist Kirche 31.03.19 Zum Thema \u201eAns Licht\u201c gestalteten die Neuhauser Pfadfinder den \u00f6kumenischen Jugendkreuzweg. Bei 13 Stationen stand das Kreuz im&hellip;<\/p>\n<p class=\"more-link-p\"><a class=\"more-link\" href=\"http:\/\/www.pfarrei-we.de\/wp\/jugendkreuzweg\/\">Read more &rarr;<\/a><\/p>\n","protected":false},"author":2,"featured_media":0,"comment_status":"closed","ping_status":"closed","sticky":false,"template":"","format":"standard","meta":{"footnotes":""},"categories":[1],"tags":[],"_links":{"self":[{"href":"http:\/\/www.pfarrei-we.de\/wp\/wp-json\/wp\/v2\/posts\/7367"}],"collection":[{"href":"http:\/\/www.pfarrei-we.de\/wp\/wp-json\/wp\/v2\/posts"}],"about":[{"href":"http:\/\/www.pfarrei-we.de\/wp\/wp-json\/wp\/v2\/types\/post"}],"author":[{"embeddable":true,"href":"http:\/\/www.pfarrei-we.de\/wp\/wp-json\/wp\/v2\/users\/2"}],"replies":[{"embeddable":true,"href":"http:\/\/www.pfarrei-we.de\/wp\/wp-json\/wp\/v2\/comments?post=7367"}],"version-history":[{"count":1,"href":"http:\/\/www.pfarrei-we.de\/wp\/wp-json\/wp\/v2\/posts\/7367\/revisions"}],"predecessor-version":[{"id":7370,"href":"http:\/\/www.pfarrei-we.de\/wp\/wp-json\/wp\/v2\/posts\/7367\/revisions\/7370"}],"wp:attachment":[{"href":"http:\/\/www.pfarrei-we.de\/wp\/wp-json\/wp\/v2\/media?parent=7367"}],"wp:term":[{"taxonomy":"category","embeddable":true,"href":"http:\/\/www.pfarrei-we.de\/wp\/wp-json\/wp\/v2\/categories?post=7367"},{"taxonomy":"post_tag","embeddable":true,"href":"http:\/\/www.pfarrei-we.de\/wp\/wp-json\/wp\/v2\/tags?post=7367"}],"curies":[{"name":"wp","href":"https:\/\/api.w.org\/{rel}","templated":true}]}}