{"id":6342,"date":"2018-09-21T18:58:40","date_gmt":"2018-09-21T17:58:40","guid":{"rendered":"http:\/\/www.pfarrei-we.de\/wp\/?p=6342"},"modified":"2018-09-29T09:57:21","modified_gmt":"2018-09-29T08:57:21","slug":"lindenhof-kirwa","status":"publish","type":"post","link":"http:\/\/www.pfarrei-we.de\/wp\/lindenhof-kirwa\/","title":{"rendered":"Lindenhof-Kirwa"},"content":{"rendered":"<h1>Lindenhof-Kirwa mit Kompromiss<\/h1>\n<h2>Gottesdienst wegen Regen in der Kirche<\/h2>\n<p>23.09.2018<\/p>\n<p><img decoding=\"async\" loading=\"lazy\" class=\"wp-image-6344 alignleft\" src=\"http:\/\/www.pfarrei-we.de\/wp\/wp-content\/uploads\/2018\/09\/P9232816-e1538071407385-225x300.jpg\" alt=\"\" width=\"263\" height=\"350\" srcset=\"http:\/\/www.pfarrei-we.de\/wp\/wp-content\/uploads\/2018\/09\/P9232816-e1538071407385-225x300.jpg 225w, http:\/\/www.pfarrei-we.de\/wp\/wp-content\/uploads\/2018\/09\/P9232816-e1538071407385-768x1024.jpg 768w\" sizes=\"(max-width: 263px) 100vw, 263px\" \/><\/p>\n<p>Petrus machte den Veranstaltern zwar einen Strich durch die Rechnung, wie Stadtpfarrer Hubert Bartel es bei der Heiligen Messe formulierte, aber \u201eauch der Regen ist notwendig.\u201c So fanden die Gl\u00e4ubigen sich anstatt an der Lindenhof-Kapelle zum Gottesdienst in der Heilig Geist Kirche ein.<\/p>\n<p><img decoding=\"async\" loading=\"lazy\" class=\"alignright wp-image-6348\" src=\"http:\/\/www.pfarrei-we.de\/wp\/wp-content\/uploads\/2018\/09\/P9232823-300x225.jpg\" alt=\"\" width=\"350\" height=\"263\" srcset=\"http:\/\/www.pfarrei-we.de\/wp\/wp-content\/uploads\/2018\/09\/P9232823-300x225.jpg 300w, http:\/\/www.pfarrei-we.de\/wp\/wp-content\/uploads\/2018\/09\/P9232823-768x576.jpg 768w, http:\/\/www.pfarrei-we.de\/wp\/wp-content\/uploads\/2018\/09\/P9232823-1024x768.jpg 1024w\" sizes=\"(max-width: 350px) 100vw, 350px\" \/><\/p>\n<p>Der M\u00e4nnergesangverein Harmonie Neuhaus gestaltete den Gottesdienst musikalisch, Solo-St\u00fccke wurden von Stefan Schricker und Johannes Spachtholz vorgetragen.<\/p>\n<p>Zu einer Kirwa geh\u00f6rt nach dem feierlichen Gottesdienst aber auch ein weltlicher Teil; so hatten Organisator Siegfried Windschiegl und sein Team beschlossen, dem Regen zu trotzen und luden nach der Messfeier ein, ins Zelt neben die Lindenhofkapelle zu kommen. Viele Besucher folgten der Einladung und machten es sich im mittels Heizpilzen wohltemperierten Zelt zum Fr\u00fchschoppen gem\u00fctlich.<\/p>\n<div data-carousel-extra='{\"blog_id\":1,\"permalink\":\"http:\\\/\\\/www.pfarrei-we.de\\\/wp\\\/lindenhof-kirwa\\\/\"}' id='gallery-1' class='gallery galleryid-6342 gallery-columns-3 gallery-size-medium'><dl class='gallery-item'>\n\t\t\t<dt class='gallery-icon landscape'>\n\t\t\t\t<img width=\"300\" height=\"150\" src=\"http:\/\/www.pfarrei-we.de\/wp\/wp-content\/uploads\/2018\/09\/Spachtholz-1-300x150.jpg\" class=\"attachment-medium size-medium\" alt=\"\" decoding=\"async\" loading=\"lazy\" srcset=\"http:\/\/www.pfarrei-we.de\/wp\/wp-content\/uploads\/2018\/09\/Spachtholz-1-300x150.jpg 300w, http:\/\/www.pfarrei-we.de\/wp\/wp-content\/uploads\/2018\/09\/Spachtholz-1-768x384.jpg 768w, http:\/\/www.pfarrei-we.de\/wp\/wp-content\/uploads\/2018\/09\/Spachtholz-1-1024x512.jpg 1024w\" sizes=\"(max-width: 300px) 100vw, 300px\" \/>\n\t\t\t<\/dt><\/dl><dl class='gallery-item'>\n\t\t\t<dt class='gallery-icon landscape'>\n\t\t\t\t<img width=\"300\" height=\"150\" src=\"http:\/\/www.pfarrei-we.de\/wp\/wp-content\/uploads\/2018\/09\/Spachtholz-2-300x150.jpg\" class=\"attachment-medium size-medium\" alt=\"\" decoding=\"async\" loading=\"lazy\" srcset=\"http:\/\/www.pfarrei-we.de\/wp\/wp-content\/uploads\/2018\/09\/Spachtholz-2-300x150.jpg 300w, http:\/\/www.pfarrei-we.de\/wp\/wp-content\/uploads\/2018\/09\/Spachtholz-2-768x384.jpg 768w, http:\/\/www.pfarrei-we.de\/wp\/wp-content\/uploads\/2018\/09\/Spachtholz-2-1024x512.jpg 1024w\" sizes=\"(max-width: 300px) 100vw, 300px\" \/>\n\t\t\t<\/dt><\/dl><dl class='gallery-item'>\n\t\t\t<dt class='gallery-icon landscape'>\n\t\t\t\t<img width=\"300\" height=\"150\" src=\"http:\/\/www.pfarrei-we.de\/wp\/wp-content\/uploads\/2018\/09\/Spachtholz-3-300x150.jpg\" class=\"attachment-medium size-medium\" alt=\"\" decoding=\"async\" loading=\"lazy\" srcset=\"http:\/\/www.pfarrei-we.de\/wp\/wp-content\/uploads\/2018\/09\/Spachtholz-3-300x150.jpg 300w, http:\/\/www.pfarrei-we.de\/wp\/wp-content\/uploads\/2018\/09\/Spachtholz-3-768x384.jpg 768w, http:\/\/www.pfarrei-we.de\/wp\/wp-content\/uploads\/2018\/09\/Spachtholz-3-1024x512.jpg 1024w\" sizes=\"(max-width: 300px) 100vw, 300px\" \/>\n\t\t\t<\/dt><\/dl><br style=\"clear: both\" \/>\n\t\t<\/div>\n\n<p>Getr\u00e4nke, Wei\u00dfwurst, Bratwurst und Eintopf fanden rei\u00dfenden Absatz, so dass Windschiegl auf eine rundum gelungene Kirwa-Veranstaltung zur\u00fcckblicken konnte. Einzig die Vierbeiner blieben der Veranstaltung fern: die geplante Pferdesegnung fiel buchst\u00e4blich ins Wasser.<\/p>\n","protected":false},"excerpt":{"rendered":"<p>Lindenhof-Kirwa mit Kompromiss Gottesdienst wegen Regen in der Kirche 23.09.2018 Petrus machte den Veranstaltern zwar einen Strich durch die Rechnung, wie Stadtpfarrer Hubert Bartel es bei der Heiligen Messe formulierte, aber \u201eauch der Regen ist notwendig.\u201c So fanden die Gl\u00e4ubigen&hellip;<\/p>\n<p class=\"more-link-p\"><a class=\"more-link\" href=\"http:\/\/www.pfarrei-we.de\/wp\/lindenhof-kirwa\/\">Read more &rarr;<\/a><\/p>\n","protected":false},"author":3,"featured_media":0,"comment_status":"closed","ping_status":"closed","sticky":false,"template":"","format":"standard","meta":{"footnotes":""},"categories":[1],"tags":[],"_links":{"self":[{"href":"http:\/\/www.pfarrei-we.de\/wp\/wp-json\/wp\/v2\/posts\/6342"}],"collection":[{"href":"http:\/\/www.pfarrei-we.de\/wp\/wp-json\/wp\/v2\/posts"}],"about":[{"href":"http:\/\/www.pfarrei-we.de\/wp\/wp-json\/wp\/v2\/types\/post"}],"author":[{"embeddable":true,"href":"http:\/\/www.pfarrei-we.de\/wp\/wp-json\/wp\/v2\/users\/3"}],"replies":[{"embeddable":true,"href":"http:\/\/www.pfarrei-we.de\/wp\/wp-json\/wp\/v2\/comments?post=6342"}],"version-history":[{"count":6,"href":"http:\/\/www.pfarrei-we.de\/wp\/wp-json\/wp\/v2\/posts\/6342\/revisions"}],"predecessor-version":[{"id":6353,"href":"http:\/\/www.pfarrei-we.de\/wp\/wp-json\/wp\/v2\/posts\/6342\/revisions\/6353"}],"wp:attachment":[{"href":"http:\/\/www.pfarrei-we.de\/wp\/wp-json\/wp\/v2\/media?parent=6342"}],"wp:term":[{"taxonomy":"category","embeddable":true,"href":"http:\/\/www.pfarrei-we.de\/wp\/wp-json\/wp\/v2\/categories?post=6342"},{"taxonomy":"post_tag","embeddable":true,"href":"http:\/\/www.pfarrei-we.de\/wp\/wp-json\/wp\/v2\/tags?post=6342"}],"curies":[{"name":"wp","href":"https:\/\/api.w.org\/{rel}","templated":true}]}}