{"id":4108,"date":"2017-03-17T19:06:36","date_gmt":"2017-03-17T18:06:36","guid":{"rendered":"http:\/\/www.pfarrei-we.de\/wp\/?p=4108"},"modified":"2017-03-17T19:13:53","modified_gmt":"2017-03-17T18:13:53","slug":"4108-2","status":"publish","type":"post","link":"http:\/\/www.pfarrei-we.de\/wp\/4108-2\/","title":{"rendered":"Pfarrer Jakob Eder feiert 75. Geburtstag"},"content":{"rendered":"<h1>Jakob Eder feiert Geburtstag<\/h1>\n<h2>Pfarrer im Ruhestand wird 75 Jahre alt<\/h2>\n<p>17.03.2017<\/p>\n<p><img decoding=\"async\" loading=\"lazy\" class=\"alignright wp-image-4112\" src=\"http:\/\/www.pfarrei-we.de\/wp\/wp-content\/uploads\/2017\/03\/P1030541-300x225.jpg\" alt=\"\" width=\"350\" height=\"263\" srcset=\"http:\/\/www.pfarrei-we.de\/wp\/wp-content\/uploads\/2017\/03\/P1030541-300x225.jpg 300w, http:\/\/www.pfarrei-we.de\/wp\/wp-content\/uploads\/2017\/03\/P1030541-768x576.jpg 768w, http:\/\/www.pfarrei-we.de\/wp\/wp-content\/uploads\/2017\/03\/P1030541-1024x768.jpg 1024w\" sizes=\"(max-width: 350px) 100vw, 350px\" \/>Selbst ist er ja eher der stille, bescheidene, zur\u00fcckhaltende Mensch, der wenig Aufhebens um sich selber macht \u2013 Pfarrer im Ruhestand Jakob Eder. Aber der 75. Geburtstag war f\u00fcr viele Menschen aus seinem Umfeld ein Anlass, in gro\u00dfem Aufgebot und mit Pauken und Trompeten in der Bergstra\u00dfe anzur\u00fccken und zu gratulieren, so dass schmissige T\u00f6ne weithin zu h\u00f6ren waren.<\/p>\n<p>Die Jugendblaskapelle Parkstein unter der Leitung von Alfons Steiner mit \u00fcber 20 Musikern und Musikerinnen hatte sich zum St\u00e4ndchen f\u00fcr ihren ehemaligen Pfarrer eingefunden. Ebenfalls aus Parkstein waren Abordnungen von Kirchenverwaltung, Pfarrgemeinderat, M\u00e4nnerverein und Feuerwehr gekommen; Erste B\u00fcrgermeisterin Tanja Schiffmann und ihre Stellvertreterin Lydia Ebneth vervollst\u00e4ndigten den Gratulationsreigen. Der Parksteiner Pfarrer Pennoraj Tharmakkan und Altb\u00fcrgermeister Hans Sch\u00e4fer w\u00fcnschten telefonisch alles Gute.<\/p>\n<p><img decoding=\"async\" loading=\"lazy\" class=\"alignleft wp-image-4113\" src=\"http:\/\/www.pfarrei-we.de\/wp\/wp-content\/uploads\/2017\/03\/P1030569-300x225.jpg\" alt=\"\" width=\"350\" height=\"263\" srcset=\"http:\/\/www.pfarrei-we.de\/wp\/wp-content\/uploads\/2017\/03\/P1030569-300x225.jpg 300w, http:\/\/www.pfarrei-we.de\/wp\/wp-content\/uploads\/2017\/03\/P1030569-768x576.jpg 768w, http:\/\/www.pfarrei-we.de\/wp\/wp-content\/uploads\/2017\/03\/P1030569-1024x768.jpg 1024w\" sizes=\"(max-width: 350px) 100vw, 350px\" \/>Auch KAB, Seniorenrunde, Bibelkreis, Frauenbund, viele Pfarreimitglieder aus Parkstein, der Kirchendemenreuther B\u00fcrgermeister Gerhard Kellner und Pfarrangeh\u00f6rige aus Kirchendemenreuth \u00fcberbrachten pers\u00f6nlich oder schriftlich ihre Gl\u00fcckw\u00fcnsche.<\/p>\n<p>Landrat Andreas Meier, B\u00fcrgermeister Karlheinz Budnik und Stadtpfarrer Hubert Bartel gratulierten ebenso wie die Frauen vom Bibelkreis, Nachbarn und Freunde.<\/p>\n<p>&nbsp;<\/p>\n<p>In der Vorabendmesse in Johannisthal w\u00fcnschte Hausherr und Regionaldekan Direktor Manfred Strigl dem Jubilar unter dem Applaus aller Gottesdienstbesucher Gottes Segen zum 75. Geburtstag.<\/p>\n<p>Pfarrer Jakob Eder freute sich, dass Kardinal Reinhard Marx und Bischof Rudolf Voderholzer pers\u00f6nlich geschriebene Gl\u00fcckw\u00fcnsche \u00fcbermittelten; ebenso Generalvikar Peter Beer vom Erzbistum M\u00fcnchen und Freising.<\/p>\n<p><img decoding=\"async\" loading=\"lazy\" class=\"alignright wp-image-4111\" src=\"http:\/\/www.pfarrei-we.de\/wp\/wp-content\/uploads\/2017\/03\/IMG_7619-300x225.jpg\" alt=\"\" width=\"350\" height=\"263\" srcset=\"http:\/\/www.pfarrei-we.de\/wp\/wp-content\/uploads\/2017\/03\/IMG_7619-300x225.jpg 300w, http:\/\/www.pfarrei-we.de\/wp\/wp-content\/uploads\/2017\/03\/IMG_7619-768x576.jpg 768w, http:\/\/www.pfarrei-we.de\/wp\/wp-content\/uploads\/2017\/03\/IMG_7619-1024x768.jpg 1024w\" sizes=\"(max-width: 350px) 100vw, 350px\" \/>Pfarrer Eders Bruder Fritz, der mit Frau Anni, Schwester Brigitte und Schwager Simon aus dem Heimatort Kirchdorf (bei Haag in Oberbayern) angereist war, feierte am gleichen Tag seinen 69. Geburtstag, als drittes Geburtstagskind im Bunde wurde Robert Nickl, dessen Betreuer Pfarrer Jakob Eder seit vielen Jahren ist, 37 Jahre alt.<\/p>\n","protected":false},"excerpt":{"rendered":"<p>Jakob Eder feiert Geburtstag Pfarrer im Ruhestand wird 75 Jahre alt 17.03.2017 Selbst ist er ja eher der stille, bescheidene, zur\u00fcckhaltende Mensch, der wenig Aufhebens um sich selber macht \u2013 Pfarrer im Ruhestand Jakob Eder. Aber der 75. Geburtstag war&hellip;<\/p>\n<p class=\"more-link-p\"><a class=\"more-link\" href=\"http:\/\/www.pfarrei-we.de\/wp\/4108-2\/\">Read more &rarr;<\/a><\/p>\n","protected":false},"author":3,"featured_media":0,"comment_status":"closed","ping_status":"closed","sticky":false,"template":"","format":"standard","meta":{"footnotes":""},"categories":[1],"tags":[],"_links":{"self":[{"href":"http:\/\/www.pfarrei-we.de\/wp\/wp-json\/wp\/v2\/posts\/4108"}],"collection":[{"href":"http:\/\/www.pfarrei-we.de\/wp\/wp-json\/wp\/v2\/posts"}],"about":[{"href":"http:\/\/www.pfarrei-we.de\/wp\/wp-json\/wp\/v2\/types\/post"}],"author":[{"embeddable":true,"href":"http:\/\/www.pfarrei-we.de\/wp\/wp-json\/wp\/v2\/users\/3"}],"replies":[{"embeddable":true,"href":"http:\/\/www.pfarrei-we.de\/wp\/wp-json\/wp\/v2\/comments?post=4108"}],"version-history":[{"count":8,"href":"http:\/\/www.pfarrei-we.de\/wp\/wp-json\/wp\/v2\/posts\/4108\/revisions"}],"predecessor-version":[{"id":4119,"href":"http:\/\/www.pfarrei-we.de\/wp\/wp-json\/wp\/v2\/posts\/4108\/revisions\/4119"}],"wp:attachment":[{"href":"http:\/\/www.pfarrei-we.de\/wp\/wp-json\/wp\/v2\/media?parent=4108"}],"wp:term":[{"taxonomy":"category","embeddable":true,"href":"http:\/\/www.pfarrei-we.de\/wp\/wp-json\/wp\/v2\/categories?post=4108"},{"taxonomy":"post_tag","embeddable":true,"href":"http:\/\/www.pfarrei-we.de\/wp\/wp-json\/wp\/v2\/tags?post=4108"}],"curies":[{"name":"wp","href":"https:\/\/api.w.org\/{rel}","templated":true}]}}