{"id":4096,"date":"2017-03-14T16:35:23","date_gmt":"2017-03-14T15:35:23","guid":{"rendered":"http:\/\/www.pfarrei-we.de\/wp\/?p=4096"},"modified":"2017-03-14T16:35:23","modified_gmt":"2017-03-14T15:35:23","slug":"gemeinsame-pfarrversammlung-am-15-maerz-2017","status":"publish","type":"post","link":"http:\/\/www.pfarrei-we.de\/wp\/gemeinsame-pfarrversammlung-am-15-maerz-2017\/","title":{"rendered":"Gemeinsame Pfarrversammlung am 15. M\u00e4rz 2017"},"content":{"rendered":"<h1>Herzliche Einladung zur Pfarrversammlung<\/h1>\n<h2>Auswertung des Fragebogens liegt vor<\/h2>\n<p><span style=\"margin: 0px; line-height: 115%; font-family: 'Arial','sans-serif'; font-size: 12pt;\"><span style=\"color: #000000;\">Am Mittwoch, den 15. M\u00e4rz 2017 sind alle Mitglieder unserer Pfarreiengemeinschaft <\/span><span style=\"color: #000000;\">\u00a0<\/span><span style=\"color: #000000;\">herzlich zur Pfarrversammlung eingeladen. <\/span><\/span><\/p>\n<p><span style=\"margin: 0px; line-height: 115%; font-family: 'Arial','sans-serif'; font-size: 12pt;\"><span style=\"color: #000000;\">Der Pfarrgemeinderat h\u00e4lt R\u00fcckschau auf das zur\u00fcckliegende Jahr und die Kirchenverwaltungen von St. Emmeram, Heilig Geist und Bernstein stellen an diesem Abend ihre T\u00e4tigkeitsberichte vor.<\/span><\/span><\/p>\n<p><span style=\"margin: 0px; line-height: 115%; font-family: 'Arial','sans-serif'; font-size: 12pt;\"><span style=\"color: #000000;\">Ein weiteres gro\u00dfes Thema wird die Fragebogen-Aktion darstellen, die wir im Herbst 2016 durchgef\u00fchrt haben und an der sich viele Personen beteiligt haben. Nun sind die Frageb\u00f6gen ausgewertet und der Pfarrgemeinderat m\u00f6chte allen Gemeindemitgliedern die Ergebnisse vorstellen. In einer offenen Fragerunde <\/span><span style=\"color: #000000;\">\u00a0<\/span><span style=\"color: #000000;\">\u2013 moderiert von Hannes Rupprecht \u2013 kann im Anschluss noch diskutiert werden.<\/span><\/span><\/p>\n<p><strong><span style=\"margin: 0px; line-height: 115%; font-family: 'Arial','sans-serif'; font-size: 12pt;\"><span style=\"color: #000000;\">Die Pfarrversammlung beginnt am Mittwoch, den 15. M\u00e4rz 2017 um 19.30 Uhr im Pfarrheim St. Emmeram in Windischeschenbach.<\/span><\/span><\/strong><\/p>\n<p><span style=\"margin: 0px; line-height: 115%; font-family: 'Arial','sans-serif'; font-size: 12pt;\"><span style=\"color: #000000;\">Der Pfarrgemeinderat und die Kirchenverwaltungen hoffen auf ein zahlreiches Interesse!<\/span><\/span><\/p>\n","protected":false},"excerpt":{"rendered":"<p>Herzliche Einladung zur Pfarrversammlung Auswertung des Fragebogens liegt vor Am Mittwoch, den 15. M\u00e4rz 2017 sind alle Mitglieder unserer Pfarreiengemeinschaft \u00a0herzlich zur Pfarrversammlung eingeladen. Der Pfarrgemeinderat h\u00e4lt R\u00fcckschau auf das zur\u00fcckliegende Jahr und die Kirchenverwaltungen von St. Emmeram, Heilig Geist&hellip;<\/p>\n<p class=\"more-link-p\"><a class=\"more-link\" href=\"http:\/\/www.pfarrei-we.de\/wp\/gemeinsame-pfarrversammlung-am-15-maerz-2017\/\">Read more &rarr;<\/a><\/p>\n","protected":false},"author":3,"featured_media":0,"comment_status":"closed","ping_status":"closed","sticky":false,"template":"","format":"standard","meta":{"footnotes":""},"categories":[1],"tags":[],"_links":{"self":[{"href":"http:\/\/www.pfarrei-we.de\/wp\/wp-json\/wp\/v2\/posts\/4096"}],"collection":[{"href":"http:\/\/www.pfarrei-we.de\/wp\/wp-json\/wp\/v2\/posts"}],"about":[{"href":"http:\/\/www.pfarrei-we.de\/wp\/wp-json\/wp\/v2\/types\/post"}],"author":[{"embeddable":true,"href":"http:\/\/www.pfarrei-we.de\/wp\/wp-json\/wp\/v2\/users\/3"}],"replies":[{"embeddable":true,"href":"http:\/\/www.pfarrei-we.de\/wp\/wp-json\/wp\/v2\/comments?post=4096"}],"version-history":[{"count":1,"href":"http:\/\/www.pfarrei-we.de\/wp\/wp-json\/wp\/v2\/posts\/4096\/revisions"}],"predecessor-version":[{"id":4097,"href":"http:\/\/www.pfarrei-we.de\/wp\/wp-json\/wp\/v2\/posts\/4096\/revisions\/4097"}],"wp:attachment":[{"href":"http:\/\/www.pfarrei-we.de\/wp\/wp-json\/wp\/v2\/media?parent=4096"}],"wp:term":[{"taxonomy":"category","embeddable":true,"href":"http:\/\/www.pfarrei-we.de\/wp\/wp-json\/wp\/v2\/categories?post=4096"},{"taxonomy":"post_tag","embeddable":true,"href":"http:\/\/www.pfarrei-we.de\/wp\/wp-json\/wp\/v2\/tags?post=4096"}],"curies":[{"name":"wp","href":"https:\/\/api.w.org\/{rel}","templated":true}]}}