{"id":11623,"date":"2023-12-18T16:59:25","date_gmt":"2023-12-18T15:59:25","guid":{"rendered":"http:\/\/www.pfarrei-we.de\/wp\/?p=11623"},"modified":"2023-12-31T10:19:59","modified_gmt":"2023-12-31T09:19:59","slug":"neues-aus-der-kinderoase","status":"publish","type":"post","link":"http:\/\/www.pfarrei-we.de\/wp\/neues-aus-der-kinderoase\/","title":{"rendered":"Neues aus der Kinderoase"},"content":{"rendered":"<h2>Besuch in der ARV-Tagespflege Waldnaabtal in Windischeschenbach<\/h2>\n<p>09.12.2023<\/p>\n<p><img decoding=\"async\" loading=\"lazy\" class=\"size-medium wp-image-11624 alignright\" src=\"http:\/\/www.pfarrei-we.de\/wp\/wp-content\/uploads\/2023\/12\/PXL_20231115_090933276-1-226x300.jpg\" alt=\"\" width=\"226\" height=\"300\" srcset=\"http:\/\/www.pfarrei-we.de\/wp\/wp-content\/uploads\/2023\/12\/PXL_20231115_090933276-1-226x300.jpg 226w, http:\/\/www.pfarrei-we.de\/wp\/wp-content\/uploads\/2023\/12\/PXL_20231115_090933276-1-771x1024.jpg 771w, http:\/\/www.pfarrei-we.de\/wp\/wp-content\/uploads\/2023\/12\/PXL_20231115_090933276-1-113x150.jpg 113w, http:\/\/www.pfarrei-we.de\/wp\/wp-content\/uploads\/2023\/12\/PXL_20231115_090933276-1-768x1020.jpg 768w, http:\/\/www.pfarrei-we.de\/wp\/wp-content\/uploads\/2023\/12\/PXL_20231115_090933276-1-1157x1536.jpg 1157w, http:\/\/www.pfarrei-we.de\/wp\/wp-content\/uploads\/2023\/12\/PXL_20231115_090933276-1-1542x2048.jpg 1542w, http:\/\/www.pfarrei-we.de\/wp\/wp-content\/uploads\/2023\/12\/PXL_20231115_090933276-1-scaled.jpg 1928w\" sizes=\"(max-width: 226px) 100vw, 226px\" \/>Alt und Jung trafen sich in der Tagespflegeeinrichtung Waldnaabtal des ARV in Windischeschenbach. Die Kinder der Kinderoase St. Emmeram in Windischeschenbach besuchten die Bewohner in der Tagespflegeeinrichtung.<\/p>\n<p>Mit Liedern wie \u201eLaterne, Laterne\u201c oder \u201eWir tragen ein Licht\u201c stimmten nicht nur die Kinder in die Kl\u00e4nge der Lieder ein. Auch so manche Seniorinnen und Senioren summte die Melodie mit oder wippte im Takt.<\/p>\n<p>Es gab H\u00f6rnchen f\u00fcr die Kinder und die Senioren \u2013 sie wurden geteilt und dann gemeinsam gegessen. Au\u00dferdem bekam jeder in der Tagespflege ein selbstgebasteltes Licht geschenkt. Mit dem Lied \u201eCiao\u201c verabschiedeten sich die Kinder wieder in Richtung Kinderoase.<\/p>\n<p>&nbsp;<\/p>\n<h2>Bilderb\u00fccher von Hexen und J\u00e4gern<\/h2>\n<p>09.12.2023<\/p>\n<p><img decoding=\"async\" loading=\"lazy\" class=\"size-medium wp-image-11627 alignleft\" src=\"http:\/\/www.pfarrei-we.de\/wp\/wp-content\/uploads\/2023\/12\/20231117_100035-180x300.jpg\" alt=\"\" width=\"180\" height=\"300\" srcset=\"http:\/\/www.pfarrei-we.de\/wp\/wp-content\/uploads\/2023\/12\/20231117_100035-180x300.jpg 180w, http:\/\/www.pfarrei-we.de\/wp\/wp-content\/uploads\/2023\/12\/20231117_100035-614x1024.jpg 614w, http:\/\/www.pfarrei-we.de\/wp\/wp-content\/uploads\/2023\/12\/20231117_100035-90x150.jpg 90w, http:\/\/www.pfarrei-we.de\/wp\/wp-content\/uploads\/2023\/12\/20231117_100035-768x1282.jpg 768w, http:\/\/www.pfarrei-we.de\/wp\/wp-content\/uploads\/2023\/12\/20231117_100035-920x1536.jpg 920w, http:\/\/www.pfarrei-we.de\/wp\/wp-content\/uploads\/2023\/12\/20231117_100035-1227x2048.jpg 1227w, http:\/\/www.pfarrei-we.de\/wp\/wp-content\/uploads\/2023\/12\/20231117_100035-scaled.jpg 1534w\" sizes=\"(max-width: 180px) 100vw, 180px\" \/>Drei B\u00fccher stellte die F\u00f6rderlehrkraft Doris Enzmann beim Vorlesetag im Kindergarten den drei Kindergartengruppen vor. Im Buch \u201eEs klopf bei Wanja in der Nacht\u201c von Tilde Michels und Reinhard Michl klopfen B\u00e4r, Fuchs und Hase in einer Winternacht an die T\u00fcr des J\u00e4gers. Ob das gut geht? Oder war alles nur ein Traum f\u00fcr den J\u00e4ger Wanja?<\/p>\n<p>Ein weiteres Buch, welches Enzmann vorlas, war das Kinderbuch \u201eF\u00fcr Hund und Katz ist auch noch Platz\u201c von Axel Scheffler und Julia Donaldson. Die Hexe trifft hier auf einen Drachen. Sie bekommt Hilfe von ihren Freunden in ihrer Notlage.<\/p>\n<p><img decoding=\"async\" loading=\"lazy\" class=\"size-medium wp-image-11628 alignright\" src=\"http:\/\/www.pfarrei-we.de\/wp\/wp-content\/uploads\/2023\/12\/20231117_101156-300x180.jpg\" alt=\"\" width=\"300\" height=\"180\" srcset=\"http:\/\/www.pfarrei-we.de\/wp\/wp-content\/uploads\/2023\/12\/20231117_101156-300x180.jpg 300w, http:\/\/www.pfarrei-we.de\/wp\/wp-content\/uploads\/2023\/12\/20231117_101156-1024x614.jpg 1024w, http:\/\/www.pfarrei-we.de\/wp\/wp-content\/uploads\/2023\/12\/20231117_101156-150x90.jpg 150w, http:\/\/www.pfarrei-we.de\/wp\/wp-content\/uploads\/2023\/12\/20231117_101156-768x460.jpg 768w, http:\/\/www.pfarrei-we.de\/wp\/wp-content\/uploads\/2023\/12\/20231117_101156-1536x920.jpg 1536w, http:\/\/www.pfarrei-we.de\/wp\/wp-content\/uploads\/2023\/12\/20231117_101156-2048x1227.jpg 2048w\" sizes=\"(max-width: 300px) 100vw, 300px\" \/>Ein weiteres Buch \u201eWo ist meine Mamai?\u201c wurde ebenfalls f\u00fcr die Kinder vorgelesen. Die Vorleseeinheiten waren gestaltet interaktiv, da die Kinder mit eingebunden wurden.<\/p>\n<p>Mit Hilfe eines Kamishibai \u2013 eines Erz\u00e4hl-Bild-Theaters wurde der Inhalt der B\u00fccher nochmals aufbereitet.<\/p>\n<p>&nbsp;<\/p>\n<p>&nbsp;<\/p>\n","protected":false},"excerpt":{"rendered":"<p>Besuch in der ARV-Tagespflege Waldnaabtal in Windischeschenbach 09.12.2023 Alt und Jung trafen sich in der Tagespflegeeinrichtung Waldnaabtal des ARV in Windischeschenbach. Die Kinder der Kinderoase St. Emmeram in Windischeschenbach besuchten die Bewohner in der Tagespflegeeinrichtung. Mit Liedern wie \u201eLaterne, Laterne\u201c&hellip;<\/p>\n<p class=\"more-link-p\"><a class=\"more-link\" href=\"http:\/\/www.pfarrei-we.de\/wp\/neues-aus-der-kinderoase\/\">Read more &rarr;<\/a><\/p>\n","protected":false},"author":3,"featured_media":0,"comment_status":"closed","ping_status":"closed","sticky":false,"template":"","format":"standard","meta":{"footnotes":""},"categories":[1],"tags":[],"_links":{"self":[{"href":"http:\/\/www.pfarrei-we.de\/wp\/wp-json\/wp\/v2\/posts\/11623"}],"collection":[{"href":"http:\/\/www.pfarrei-we.de\/wp\/wp-json\/wp\/v2\/posts"}],"about":[{"href":"http:\/\/www.pfarrei-we.de\/wp\/wp-json\/wp\/v2\/types\/post"}],"author":[{"embeddable":true,"href":"http:\/\/www.pfarrei-we.de\/wp\/wp-json\/wp\/v2\/users\/3"}],"replies":[{"embeddable":true,"href":"http:\/\/www.pfarrei-we.de\/wp\/wp-json\/wp\/v2\/comments?post=11623"}],"version-history":[{"count":6,"href":"http:\/\/www.pfarrei-we.de\/wp\/wp-json\/wp\/v2\/posts\/11623\/revisions"}],"predecessor-version":[{"id":11632,"href":"http:\/\/www.pfarrei-we.de\/wp\/wp-json\/wp\/v2\/posts\/11623\/revisions\/11632"}],"wp:attachment":[{"href":"http:\/\/www.pfarrei-we.de\/wp\/wp-json\/wp\/v2\/media?parent=11623"}],"wp:term":[{"taxonomy":"category","embeddable":true,"href":"http:\/\/www.pfarrei-we.de\/wp\/wp-json\/wp\/v2\/categories?post=11623"},{"taxonomy":"post_tag","embeddable":true,"href":"http:\/\/www.pfarrei-we.de\/wp\/wp-json\/wp\/v2\/tags?post=11623"}],"curies":[{"name":"wp","href":"https:\/\/api.w.org\/{rel}","templated":true}]}}